{"id":1,"count":0,"description":"","link":"https:\/\/congresos.contraelcancer.es\/galicia\/category\/sin-categorizar\/","name":"Sin categorizar","slug":"sin-categorizar","taxonomy":"category","parent":0,"meta":[],"acf":[],"yoast_head":"<!-- This site is optimized with the Yoast SEO Premium plugin v21.3 (Yoast SEO v27.4) - https:\/\/yoast.com\/product\/yoast-seo-premium-wordpress\/ -->\n<title>Sin categorizar archivos - Galicia<\/title>\n<meta name=\"robots\" content=\"noindex, follow\" \/>\n<meta property=\"og:locale\" content=\"es_ES\" \/>\n<meta property=\"og:type\" content=\"article\" \/>\n<meta property=\"og:title\" content=\"Sin categorizar archivos\" \/>\n<meta property=\"og:url\" content=\"https:\/\/congresos.contraelcancer.es\/galicia\/category\/sin-categorizar\/\" \/>\n<meta property=\"og:site_name\" content=\"Galicia\" \/>\n<meta name=\"twitter:card\" content=\"summary_large_image\" \/>\n<script type=\"application\/ld+json\" class=\"yoast-schema-graph\">{\"@context\":\"https:\\\/\\\/schema.org\",\"@graph\":[{\"@type\":\"CollectionPage\",\"@id\":\"https:\\\/\\\/congresos.contraelcancer.es\\\/galicia\\\/category\\\/sin-categorizar\\\/\",\"url\":\"https:\\\/\\\/congresos.contraelcancer.es\\\/galicia\\\/category\\\/sin-categorizar\\\/\",\"name\":\"Sin categorizar archivos - Galicia\",\"isPartOf\":{\"@id\":\"https:\\\/\\\/congresos.contraelcancer.es\\\/galicia\\\/#website\"},\"breadcrumb\":{\"@id\":\"https:\\\/\\\/congresos.contraelcancer.es\\\/galicia\\\/category\\\/sin-categorizar\\\/#breadcrumb\"},\"inLanguage\":\"es\"},{\"@type\":\"BreadcrumbList\",\"@id\":\"https:\\\/\\\/congresos.contraelcancer.es\\\/galicia\\\/category\\\/sin-categorizar\\\/#breadcrumb\",\"itemListElement\":[{\"@type\":\"ListItem\",\"position\":1,\"name\":\"Portada\",\"item\":\"https:\\\/\\\/congresos.contraelcancer.es\\\/galicia\\\/\"},{\"@type\":\"ListItem\",\"position\":2,\"name\":\"Sin categorizar\"}]},{\"@type\":\"WebSite\",\"@id\":\"https:\\\/\\\/congresos.contraelcancer.es\\\/galicia\\\/#website\",\"url\":\"https:\\\/\\\/congresos.contraelcancer.es\\\/galicia\\\/\",\"name\":\"Galicia\",\"description\":\"Asociaci\u00f3n espa\u00f1ola contra el c\u00e1ncer\",\"publisher\":{\"@id\":\"https:\\\/\\\/congresos.contraelcancer.es\\\/galicia\\\/#organization\"},\"potentialAction\":[{\"@type\":\"SearchAction\",\"target\":{\"@type\":\"EntryPoint\",\"urlTemplate\":\"https:\\\/\\\/congresos.contraelcancer.es\\\/galicia\\\/?s={search_term_string}\"},\"query-input\":{\"@type\":\"PropertyValueSpecification\",\"valueRequired\":true,\"valueName\":\"search_term_string\"}}],\"inLanguage\":\"es\"},{\"@type\":\"Organization\",\"@id\":\"https:\\\/\\\/congresos.contraelcancer.es\\\/galicia\\\/#organization\",\"name\":\"Galicia\",\"url\":\"https:\\\/\\\/congresos.contraelcancer.es\\\/galicia\\\/\",\"logo\":{\"@type\":\"ImageObject\",\"inLanguage\":\"es\",\"@id\":\"https:\\\/\\\/congresos.contraelcancer.es\\\/galicia\\\/#\\\/schema\\\/logo\\\/image\\\/\",\"url\":\"https:\\\/\\\/congresos.contraelcancer.es\\\/galicia\\\/wp-content\\\/uploads\\\/sites\\\/10\\\/2023\\\/04\\\/cropped-AECC_logo-460px.png\",\"contentUrl\":\"https:\\\/\\\/congresos.contraelcancer.es\\\/galicia\\\/wp-content\\\/uploads\\\/sites\\\/10\\\/2023\\\/04\\\/cropped-AECC_logo-460px.png\",\"width\":460,\"height\":145,\"caption\":\"Galicia\"},\"image\":{\"@id\":\"https:\\\/\\\/congresos.contraelcancer.es\\\/galicia\\\/#\\\/schema\\\/logo\\\/image\\\/\"}}]}<\/script>\n<!-- \/ Yoast SEO Premium plugin. -->","yoast_head_json":{"title":"Sin categorizar archivos - Galicia","robots":{"index":"noindex","follow":"follow"},"og_locale":"es_ES","og_type":"article","og_title":"Sin categorizar archivos","og_url":"https:\/\/congresos.contraelcancer.es\/galicia\/category\/sin-categorizar\/","og_site_name":"Galicia","twitter_card":"summary_large_image","schema":{"@context":"https:\/\/schema.org","@graph":[{"@type":"CollectionPage","@id":"https:\/\/congresos.contraelcancer.es\/galicia\/category\/sin-categorizar\/","url":"https:\/\/congresos.contraelcancer.es\/galicia\/category\/sin-categorizar\/","name":"Sin categorizar archivos - Galicia","isPartOf":{"@id":"https:\/\/congresos.contraelcancer.es\/galicia\/#website"},"breadcrumb":{"@id":"https:\/\/congresos.contraelcancer.es\/galicia\/category\/sin-categorizar\/#breadcrumb"},"inLanguage":"es"},{"@type":"BreadcrumbList","@id":"https:\/\/congresos.contraelcancer.es\/galicia\/category\/sin-categorizar\/#breadcrumb","itemListElement":[{"@type":"ListItem","position":1,"name":"Portada","item":"https:\/\/congresos.contraelcancer.es\/galicia\/"},{"@type":"ListItem","position":2,"name":"Sin categorizar"}]},{"@type":"WebSite","@id":"https:\/\/congresos.contraelcancer.es\/galicia\/#website","url":"https:\/\/congresos.contraelcancer.es\/galicia\/","name":"Galicia","description":"Asociaci\u00f3n espa\u00f1ola contra el c\u00e1ncer","publisher":{"@id":"https:\/\/congresos.contraelcancer.es\/galicia\/#organization"},"potentialAction":[{"@type":"SearchAction","target":{"@type":"EntryPoint","urlTemplate":"https:\/\/congresos.contraelcancer.es\/galicia\/?s={search_term_string}"},"query-input":{"@type":"PropertyValueSpecification","valueRequired":true,"valueName":"search_term_string"}}],"inLanguage":"es"},{"@type":"Organization","@id":"https:\/\/congresos.contraelcancer.es\/galicia\/#organization","name":"Galicia","url":"https:\/\/congresos.contraelcancer.es\/galicia\/","logo":{"@type":"ImageObject","inLanguage":"es","@id":"https:\/\/congresos.contraelcancer.es\/galicia\/#\/schema\/logo\/image\/","url":"https:\/\/congresos.contraelcancer.es\/galicia\/wp-content\/uploads\/sites\/10\/2023\/04\/cropped-AECC_logo-460px.png","contentUrl":"https:\/\/congresos.contraelcancer.es\/galicia\/wp-content\/uploads\/sites\/10\/2023\/04\/cropped-AECC_logo-460px.png","width":460,"height":145,"caption":"Galicia"},"image":{"@id":"https:\/\/congresos.contraelcancer.es\/galicia\/#\/schema\/logo\/image\/"}}]}},"_links":{"self":[{"href":"https:\/\/congresos.contraelcancer.es\/galicia\/wp-json\/wp\/v2\/categories\/1","targetHints":{"allow":["GET"]}}],"collection":[{"href":"https:\/\/congresos.contraelcancer.es\/galicia\/wp-json\/wp\/v2\/categories"}],"about":[{"href":"https:\/\/congresos.contraelcancer.es\/galicia\/wp-json\/wp\/v2\/taxonomies\/category"}],"wp:post_type":[{"href":"https:\/\/congresos.contraelcancer.es\/galicia\/wp-json\/wp\/v2\/posts?categories=1"}],"curies":[{"name":"wp","href":"https:\/\/api.w.org\/{rel}","templated":true}]}}